{"id":16376,"date":"2024-05-17T08:45:48","date_gmt":"2024-05-17T08:45:48","guid":{"rendered":"https:\/\/www.ause.eu\/?p=16376"},"modified":"2024-09-26T06:08:23","modified_gmt":"2024-09-26T06:08:23","slug":"local-european-youth-event-a-forli-dal-17-al-19-maggio-2024","status":"publish","type":"post","link":"https:\/\/www.ause.eu\/en\/convegni-e-seminari\/local-european-youth-event-a-forli-dal-17-al-19-maggio-2024\/","title":{"rendered":"Local European Youth Event a Forl\u00ec &#8211; dal 17 al 19 maggio 2024"},"content":{"rendered":"\n<blockquote class=\"wp-block-quote is-layout-flow wp-block-quote-is-layout-flow\">\n<p>Il Punto Europa del Campus di Forl\u00ec dell\u2019Universit\u00e0 di Bologna &#8211; centro per gli studi europei dell\u2019Universit\u00e0 di Bologna, Centro di eccellenza Jean Monnet e Centro di Documentazione Europea della Commissione europea &#8211; organizza insieme al Parlamento Europeo, per la prima volta in Italia, un&nbsp;<strong>Local<\/strong>&nbsp;<strong>European Youth Event&nbsp;<\/strong>(Local EYE).<\/p>\n\n\n\n<p><\/p>\n\n\n\n<p>Si tratta del pi\u00f9 grande evento dedicato ai giovani che il Parlamento europeo organizza ogni anno a Strasburgo e che in alcune occasioni, come in questo caso, finanzia anche in formato nazionale. Per il 2024, di particolare importanza in vista delle elezioni europee del prossimo mese di giugno, il parlamento non organizzer\u00e0 l\u2019evento di Strasburgo, ma finanzia 4 eventi locali, che si svolgeranno, oltre che&nbsp;a Forl\u00ec a Berlino (Germania), Vilnius (Lituania) e Bre\u017eice (Slovenia).&nbsp;<\/p>\n\n\n\n<p><strong>L&#8217;EYE a Forl\u00ec si terr\u00e0 dal 17 al 19 maggio 2024<\/strong> e sar\u00e0 organizzato anche con la collaborazione della Regione Emilia-Romagna, del Comune di Forl\u00ec e degli altri Comuni romagnoli, nonch\u00e9 con&nbsp;<a rel=\"noreferrer noopener\" href=\"https:\/\/site.unibo.it\/eye-forli\/it\/chi-siamo\/i-nostri-partner\" target=\"_blank\">altri partner di rilevanza nazionale<\/a>&nbsp;tra cui.&nbsp;Prevediamo la partecipazione di circa&nbsp;<strong>4000 giovani tra i 16 e i 30 anni<\/strong>&nbsp;provenienti da tutta Italia ed in parte anche da altri paesi europei.<\/p>\n\n\n\n<p>Quel fine settimana coincider\u00e0 anche con il primo anniversario della terribile alluvione che ha colpito l\u2019Emilia-Romagna. Sar\u00e0 quindi l\u2019occasione per tutte e tutti i partecipanti di commemorare quanto accaduto e guardare al futuro.<\/p>\n\n\n\n<p>Sono aperte le pre-iscrizioni per chi vuole partecipare ad EYE dal 17 al 19 maggio:&nbsp;<a rel=\"noreferrer noopener\" href=\"https:\/\/site.unibo.it\/eye-forli\/it\/partecipare\" target=\"_blank\">https:\/\/site.unibo.it\/eye-forli\/it\/partecipare<\/a><\/p>\n<\/blockquote>\n\n\n\n<figure class=\"wp-block-image\"><img loading=\"lazy\" decoding=\"async\" width=\"2160\" height=\"1080\" src=\"https:\/\/www.ause.eu\/wp-content\/uploads\/2024\/03\/1.png\" alt=\"\" class=\"wp-image-16378\" srcset=\"https:\/\/www.ause.eu\/wp-content\/uploads\/2024\/03\/1.png 2160w, https:\/\/www.ause.eu\/wp-content\/uploads\/2024\/03\/1-300x150.png 300w, https:\/\/www.ause.eu\/wp-content\/uploads\/2024\/03\/1-1024x512.png 1024w, https:\/\/www.ause.eu\/wp-content\/uploads\/2024\/03\/1-768x384.png 768w, https:\/\/www.ause.eu\/wp-content\/uploads\/2024\/03\/1-1536x768.png 1536w, https:\/\/www.ause.eu\/wp-content\/uploads\/2024\/03\/1-2048x1024.png 2048w, https:\/\/www.ause.eu\/wp-content\/uploads\/2024\/03\/1-1000x500.png 1000w, https:\/\/www.ause.eu\/wp-content\/uploads\/2024\/03\/1-700x350.png 700w, https:\/\/www.ause.eu\/wp-content\/uploads\/2024\/03\/1-1300x650.png 1300w\" sizes=\"auto, (max-width: 2160px) 100vw, 2160px\" \/><\/figure>\n\n\n\n<div class=\"wp-block-qi-blocks-button qodef-block-container qodef-block-3969a3fc\"><a class=\"qi-block-button qodef-block qodef-m qodef-layout--outlined qodef-type--standard qodef-icon--right qodef-hover--icon-move-vertical\" href=\"https:\/\/www.ause.eu\/wp-content\/uploads\/2024\/03\/Booklet-EYE-Forli.pdf\"><span class=\"qodef-m-text\">Scarica il depliant<\/span><span class=\"qodef-m-icon\"><span class=\"qodef-m-icon-inner\"><svg fill=\"#000000\" xmlns:xlink=\"http:\/\/www.w3.org\/1999\/xlink\" xmlns=\"http:\/\/www.w3.org\/2000\/svg\" viewBox=\"0 0 32 32\" height=\"32\" width=\"32\"><g><path d=\"M 17,4C 16.448,4, 16,4.448, 16,5l0,19.586 l-4.292-4.292c-0.39-0.39-1.024-0.39-1.414,0 c-0.39,0.39-0.39,1.024,0,1.414l 6,6c 0.002,0.002, 0.006,0.002, 0.008,0.006c 0.090,0.088, 0.198,0.162, 0.316,0.21 c 0.244,0.102, 0.52,0.102, 0.764,0c 0.122-0.050, 0.232-0.124, 0.324-0.216l 6-6c 0.39-0.39, 0.39-1.024,0-1.414 c-0.39-0.39-1.024-0.39-1.414,0L 18,24.586L 18,5 C 18,4.448, 17.552,4, 17,4z\"><\/path><\/g><\/svg><svg fill=\"#000000\" xmlns:xlink=\"http:\/\/www.w3.org\/1999\/xlink\" xmlns=\"http:\/\/www.w3.org\/2000\/svg\" viewBox=\"0 0 32 32\" height=\"32\" width=\"32\"><g><path d=\"M 17,4C 16.448,4, 16,4.448, 16,5l0,19.586 l-4.292-4.292c-0.39-0.39-1.024-0.39-1.414,0 c-0.39,0.39-0.39,1.024,0,1.414l 6,6c 0.002,0.002, 0.006,0.002, 0.008,0.006c 0.090,0.088, 0.198,0.162, 0.316,0.21 c 0.244,0.102, 0.52,0.102, 0.764,0c 0.122-0.050, 0.232-0.124, 0.324-0.216l 6-6c 0.39-0.39, 0.39-1.024,0-1.414 c-0.39-0.39-1.024-0.39-1.414,0L 18,24.586L 18,5 C 18,4.448, 17.552,4, 17,4z\"><\/path><\/g><\/svg><\/span><\/span><\/a><\/div>\n","protected":false},"excerpt":{"rendered":"<p>Il Punto Europa del Campus di Forl\u00ec dell\u2019Universit\u00e0 di Bologna &#8211; centro per gli studi europei dell\u2019Universit\u00e0 di Bologna, Centro di eccellenza Jean Monnet e Centro di Documentazione Europea della Commissione europea &#8211; organizza insieme al Parlamento Europeo, per la prima volta in Italia, un&nbsp;Local&nbsp;European&#8230;<\/p>\n","protected":false},"author":15,"featured_media":16378,"comment_status":"open","ping_status":"open","sticky":true,"template":"","format":"link","meta":{"footnotes":""},"categories":[183],"tags":[],"class_list":["post-16376","post","type-post","status-publish","format-link","has-post-thumbnail","hentry","category-convegni-e-seminari","post_format-post-format-link"],"_links":{"self":[{"href":"https:\/\/www.ause.eu\/en\/wp-json\/wp\/v2\/posts\/16376","targetHints":{"allow":["GET"]}}],"collection":[{"href":"https:\/\/www.ause.eu\/en\/wp-json\/wp\/v2\/posts"}],"about":[{"href":"https:\/\/www.ause.eu\/en\/wp-json\/wp\/v2\/types\/post"}],"author":[{"embeddable":true,"href":"https:\/\/www.ause.eu\/en\/wp-json\/wp\/v2\/users\/15"}],"replies":[{"embeddable":true,"href":"https:\/\/www.ause.eu\/en\/wp-json\/wp\/v2\/comments?post=16376"}],"version-history":[{"count":4,"href":"https:\/\/www.ause.eu\/en\/wp-json\/wp\/v2\/posts\/16376\/revisions"}],"predecessor-version":[{"id":16394,"href":"https:\/\/www.ause.eu\/en\/wp-json\/wp\/v2\/posts\/16376\/revisions\/16394"}],"wp:featuredmedia":[{"embeddable":true,"href":"https:\/\/www.ause.eu\/en\/wp-json\/wp\/v2\/media\/16378"}],"wp:attachment":[{"href":"https:\/\/www.ause.eu\/en\/wp-json\/wp\/v2\/media?parent=16376"}],"wp:term":[{"taxonomy":"category","embeddable":true,"href":"https:\/\/www.ause.eu\/en\/wp-json\/wp\/v2\/categories?post=16376"},{"taxonomy":"post_tag","embeddable":true,"href":"https:\/\/www.ause.eu\/en\/wp-json\/wp\/v2\/tags?post=16376"}],"curies":[{"name":"wp","href":"https:\/\/api.w.org\/{rel}","templated":true}]}}